{"id":146880,"date":"2023-12-13T19:13:11","date_gmt":"2023-12-13T18:13:11","guid":{"rendered":"https:\/\/www.douetsmilletiere.comitesquartier-tours.fr\/?p=146880"},"modified":"2023-12-13T19:24:12","modified_gmt":"2023-12-13T18:24:12","slug":"votre-comite-present-a-lassemblee-tours-nord-ouest","status":"publish","type":"post","link":"https:\/\/www.douetsmilletiere.comitesquartier-tours.fr\/?p=146880","title":{"rendered":"Votre comit\u00e9 pr\u00e9sent \u00e0 l&rsquo;Assembl\u00e9e Tours Nord-Ouest"},"content":{"rendered":"\n<p class=\"wp-block-paragraph\">Une r\u00e9union \u00e9tait organis\u00e9e par la Ville de Tours le 11 d\u00e9cembre dernier. <\/p>\n\n\n\n<p class=\"wp-block-paragraph\">Le comit\u00e9 de quartier Douets-Milleti\u00e8re&nbsp;\u00e9tait repr\u00e9sent\u00e9 pour l&rsquo;occasion par Agn\u00e8s DODU, secr\u00e9taire et Martine MENARD, membre du Conseil d&rsquo;Administration.<\/p>\n\n\n\n<p class=\"wp-block-paragraph\">Nous vous invitons \u00e0 lire ci-dessous l&rsquo;article d\u00e9di\u00e9 de la Nouvelle R\u00e9publique qui reprend les diff\u00e9rents points abord\u00e9s lors de l&rsquo;Assembl\u00e9e Tours Nord-Ouest.<\/p>\n\n\n\n<div data-wp-interactive=\"core\/file\" class=\"wp-block-file\"><object data-wp-bind--hidden=\"!state.hasPdfPreview\" hidden class=\"wp-block-file__embed\" data=\"https:\/\/www.douetsmilletiere.comitesquartier-tours.fr\/wp-content\/uploads\/2023\/12\/NR-11decembre-2023Tours-Nord.pdf\" type=\"application\/pdf\" style=\"width:100%;height:600px\" aria-label=\"Contenu embarqu\u00e9 T\u00e9l\u00e9charger l&apos;article.\"><\/object><a id=\"wp-block-file--media-9202d051-2561-43c0-a6c7-daeabd20d73d\" href=\"https:\/\/www.douetsmilletiere.comitesquartier-tours.fr\/wp-content\/uploads\/2023\/12\/NR-11decembre-2023Tours-Nord.pdf\">T\u00e9l\u00e9charger l&rsquo;article<\/a><a href=\"https:\/\/www.douetsmilletiere.comitesquartier-tours.fr\/wp-content\/uploads\/2023\/12\/NR-11decembre-2023Tours-Nord.pdf\" class=\"wp-block-file__button wp-element-button\" download aria-describedby=\"wp-block-file--media-9202d051-2561-43c0-a6c7-daeabd20d73d\">T\u00e9l\u00e9charger<\/a><\/div>\n","protected":false},"excerpt":{"rendered":"<p>Une r\u00e9union \u00e9tait organis\u00e9e par la Ville de Tours le 11 d\u00e9cembre dernier. Le comit\u00e9 de quartier Douets-Milleti\u00e8re&nbsp;\u00e9tait repr\u00e9sent\u00e9 pour l&rsquo;occasion par Agn\u00e8s DODU, secr\u00e9taire et Martine MENARD, membre du Conseil d&rsquo;Administration. Nous vous invitons \u00e0 lire ci-dessous l&rsquo;article d\u00e9di\u00e9 de la Nouvelle R\u00e9publique qui reprend les diff\u00e9rents points abord\u00e9s lors de l&rsquo;Assembl\u00e9e Tours Nord-Ouest.<\/p>\n","protected":false},"author":1,"featured_media":146884,"comment_status":"closed","ping_status":"closed","sticky":false,"template":"","format":"standard","meta":{"_price":"","_stock":"","_tribe_ticket_header":"","_tribe_default_ticket_provider":"","_tribe_ticket_capacity":"","_ticket_start_date":"","_ticket_end_date":"","_tribe_ticket_show_description":"","_tribe_ticket_show_not_going":false,"_tribe_ticket_use_global_stock":"","_tribe_ticket_global_stock_level":"","_global_stock_mode":"","_global_stock_cap":"","_tribe_rsvp_for_event":"","_tribe_ticket_going_count":"","_tribe_ticket_not_going_count":"","_tribe_tickets_list":"[]","_tribe_ticket_has_attendee_info_fields":false,"footnotes":""},"categories":[7,10],"tags":[],"class_list":["post-146880","post","type-post","status-publish","format-standard","has-post-thumbnail","hentry","category-actualite","category-panorama","item-wrap"],"_links":{"self":[{"href":"https:\/\/www.douetsmilletiere.comitesquartier-tours.fr\/index.php?rest_route=\/wp\/v2\/posts\/146880","targetHints":{"allow":["GET"]}}],"collection":[{"href":"https:\/\/www.douetsmilletiere.comitesquartier-tours.fr\/index.php?rest_route=\/wp\/v2\/posts"}],"about":[{"href":"https:\/\/www.douetsmilletiere.comitesquartier-tours.fr\/index.php?rest_route=\/wp\/v2\/types\/post"}],"author":[{"embeddable":true,"href":"https:\/\/www.douetsmilletiere.comitesquartier-tours.fr\/index.php?rest_route=\/wp\/v2\/users\/1"}],"replies":[{"embeddable":true,"href":"https:\/\/www.douetsmilletiere.comitesquartier-tours.fr\/index.php?rest_route=%2Fwp%2Fv2%2Fcomments&post=146880"}],"version-history":[{"count":3,"href":"https:\/\/www.douetsmilletiere.comitesquartier-tours.fr\/index.php?rest_route=\/wp\/v2\/posts\/146880\/revisions"}],"predecessor-version":[{"id":146891,"href":"https:\/\/www.douetsmilletiere.comitesquartier-tours.fr\/index.php?rest_route=\/wp\/v2\/posts\/146880\/revisions\/146891"}],"wp:featuredmedia":[{"embeddable":true,"href":"https:\/\/www.douetsmilletiere.comitesquartier-tours.fr\/index.php?rest_route=\/wp\/v2\/media\/146884"}],"wp:attachment":[{"href":"https:\/\/www.douetsmilletiere.comitesquartier-tours.fr\/index.php?rest_route=%2Fwp%2Fv2%2Fmedia&parent=146880"}],"wp:term":[{"taxonomy":"category","embeddable":true,"href":"https:\/\/www.douetsmilletiere.comitesquartier-tours.fr\/index.php?rest_route=%2Fwp%2Fv2%2Fcategories&post=146880"},{"taxonomy":"post_tag","embeddable":true,"href":"https:\/\/www.douetsmilletiere.comitesquartier-tours.fr\/index.php?rest_route=%2Fwp%2Fv2%2Ftags&post=146880"}],"curies":[{"name":"wp","href":"https:\/\/api.w.org\/{rel}","templated":true}]}}