{"id":146969,"date":"2024-03-07T10:01:39","date_gmt":"2024-03-07T09:01:39","guid":{"rendered":"https:\/\/www.douetsmilletiere.comitesquartier-tours.fr\/?p=146969"},"modified":"2024-03-07T10:03:15","modified_gmt":"2024-03-07T09:03:15","slug":"puy-du-fou-lhistoire-nattend-que-vous","status":"publish","type":"post","link":"https:\/\/www.douetsmilletiere.comitesquartier-tours.fr\/?p=146969","title":{"rendered":"Puy du Fou : l&rsquo;histoire n&rsquo;attend que vous !"},"content":{"rendered":"\n<p class=\"wp-block-paragraph\">Nouvelle sortie de votre comit\u00e9 de quartier, direction le Puy du Fou (\u00e9lu meilleur parc du Monde plusieurs fois) le samedi 29 juin.<\/p>\n\n\n\n<ul class=\"wp-block-list\">\n<li>D\u00e9part de Tours en autocar<\/li>\n\n\n\n<li>Entr\u00e9e et journ\u00e9e libre dans le parc de 40 hectares<\/li>\n\n\n\n<li>Repas libres sur le parc ou possibilit\u00e9 d&rsquo;apporter votre pique-nique<\/li>\n\n\n\n<li>Spectacle de nuit \u00ab\u00a0La Cin\u00e9sc\u00e9nie\u00a0\u00bb d&rsquo;1h30<\/li>\n\n\n\n<li>D\u00e8s la fin du spectacle, retour en Touraine<\/li>\n<\/ul>\n\n\n\n<p class=\"wp-block-paragraph\"><\/p>\n\n\n\n<p class=\"wp-block-paragraph\">Tarifs et plus de d\u00e9tails sur l&rsquo;affiche ci-dessous.<\/p>\n\n\n\n<p class=\"wp-block-paragraph\"><strong>Si vous \u00eates int\u00e9ress\u00e9, merci de vous inscrire avant le 15\/06 :<\/strong><\/p>\n\n\n\n<ul class=\"wp-block-list\">\n<li>Agn\u00e8s : 06 72 58 08 13<\/li>\n\n\n\n<li>Josiane : 07 86 87 03 29<\/li>\n\n\n\n<li>asso.douets-milletiere@outlook.fr<\/li>\n<\/ul>\n\n\n<div class=\"wp-block-image\">\n<figure class=\"aligncenter size-large is-resized\"><a href=\"https:\/\/www.douetsmilletiere.comitesquartier-tours.fr\/wp-content\/uploads\/2024\/03\/Affiche-Parc-Puy-du-Fou-290624.jpg\"><img loading=\"lazy\" decoding=\"async\" width=\"724\" height=\"1024\" src=\"https:\/\/www.douetsmilletiere.comitesquartier-tours.fr\/wp-content\/uploads\/2024\/03\/Affiche-Parc-Puy-du-Fou-290624-724x1024.jpg\" alt=\"\" class=\"wp-image-146970\" style=\"width:518px;height:auto\" srcset=\"https:\/\/www.douetsmilletiere.comitesquartier-tours.fr\/wp-content\/uploads\/2024\/03\/Affiche-Parc-Puy-du-Fou-290624-724x1024.jpg 724w, https:\/\/www.douetsmilletiere.comitesquartier-tours.fr\/wp-content\/uploads\/2024\/03\/Affiche-Parc-Puy-du-Fou-290624-212x300.jpg 212w, https:\/\/www.douetsmilletiere.comitesquartier-tours.fr\/wp-content\/uploads\/2024\/03\/Affiche-Parc-Puy-du-Fou-290624-768x1086.jpg 768w, https:\/\/www.douetsmilletiere.comitesquartier-tours.fr\/wp-content\/uploads\/2024\/03\/Affiche-Parc-Puy-du-Fou-290624-1086x1536.jpg 1086w, https:\/\/www.douetsmilletiere.comitesquartier-tours.fr\/wp-content\/uploads\/2024\/03\/Affiche-Parc-Puy-du-Fou-290624-750x1061.jpg 750w, https:\/\/www.douetsmilletiere.comitesquartier-tours.fr\/wp-content\/uploads\/2024\/03\/Affiche-Parc-Puy-du-Fou-290624.jpg 1240w\" sizes=\"auto, (max-width: 724px) 100vw, 724px\" \/><\/a><\/figure>\n<\/div>","protected":false},"excerpt":{"rendered":"<p>Nouvelle sortie de votre comit\u00e9 de quartier, direction le Puy du Fou (\u00e9lu meilleur parc du Monde plusieurs fois) le samedi 29 juin. Tarifs et plus de d\u00e9tails sur l&rsquo;affiche ci-dessous. Si vous \u00eates int\u00e9ress\u00e9, merci de vous inscrire avant le 15\/06 :<\/p>\n","protected":false},"author":1,"featured_media":146973,"comment_status":"closed","ping_status":"closed","sticky":false,"template":"","format":"standard","meta":{"_price":"","_stock":"","_tribe_ticket_header":"","_tribe_default_ticket_provider":"","_tribe_ticket_capacity":"","_ticket_start_date":"","_ticket_end_date":"","_tribe_ticket_show_description":"","_tribe_ticket_show_not_going":false,"_tribe_ticket_use_global_stock":"","_tribe_ticket_global_stock_level":"","_global_stock_mode":"","_global_stock_cap":"","_tribe_rsvp_for_event":"","_tribe_ticket_going_count":"","_tribe_ticket_not_going_count":"","_tribe_tickets_list":"[]","_tribe_ticket_has_attendee_info_fields":false,"footnotes":""},"categories":[7,10],"tags":[],"class_list":["post-146969","post","type-post","status-publish","format-standard","has-post-thumbnail","hentry","category-actualite","category-panorama","item-wrap"],"_links":{"self":[{"href":"https:\/\/www.douetsmilletiere.comitesquartier-tours.fr\/index.php?rest_route=\/wp\/v2\/posts\/146969","targetHints":{"allow":["GET"]}}],"collection":[{"href":"https:\/\/www.douetsmilletiere.comitesquartier-tours.fr\/index.php?rest_route=\/wp\/v2\/posts"}],"about":[{"href":"https:\/\/www.douetsmilletiere.comitesquartier-tours.fr\/index.php?rest_route=\/wp\/v2\/types\/post"}],"author":[{"embeddable":true,"href":"https:\/\/www.douetsmilletiere.comitesquartier-tours.fr\/index.php?rest_route=\/wp\/v2\/users\/1"}],"replies":[{"embeddable":true,"href":"https:\/\/www.douetsmilletiere.comitesquartier-tours.fr\/index.php?rest_route=%2Fwp%2Fv2%2Fcomments&post=146969"}],"version-history":[{"count":2,"href":"https:\/\/www.douetsmilletiere.comitesquartier-tours.fr\/index.php?rest_route=\/wp\/v2\/posts\/146969\/revisions"}],"predecessor-version":[{"id":146974,"href":"https:\/\/www.douetsmilletiere.comitesquartier-tours.fr\/index.php?rest_route=\/wp\/v2\/posts\/146969\/revisions\/146974"}],"wp:featuredmedia":[{"embeddable":true,"href":"https:\/\/www.douetsmilletiere.comitesquartier-tours.fr\/index.php?rest_route=\/wp\/v2\/media\/146973"}],"wp:attachment":[{"href":"https:\/\/www.douetsmilletiere.comitesquartier-tours.fr\/index.php?rest_route=%2Fwp%2Fv2%2Fmedia&parent=146969"}],"wp:term":[{"taxonomy":"category","embeddable":true,"href":"https:\/\/www.douetsmilletiere.comitesquartier-tours.fr\/index.php?rest_route=%2Fwp%2Fv2%2Fcategories&post=146969"},{"taxonomy":"post_tag","embeddable":true,"href":"https:\/\/www.douetsmilletiere.comitesquartier-tours.fr\/index.php?rest_route=%2Fwp%2Fv2%2Ftags&post=146969"}],"curies":[{"name":"wp","href":"https:\/\/api.w.org\/{rel}","templated":true}]}}