{"id":147126,"date":"2024-08-22T16:12:22","date_gmt":"2024-08-22T14:12:22","guid":{"rendered":"https:\/\/www.douetsmilletiere.comitesquartier-tours.fr\/?p=147126"},"modified":"2024-08-22T16:13:46","modified_gmt":"2024-08-22T14:13:46","slug":"rentree-2024-2025","status":"publish","type":"post","link":"https:\/\/www.douetsmilletiere.comitesquartier-tours.fr\/?p=147126","title":{"rendered":"Rentr\u00e9e 2024\/2025"},"content":{"rendered":"\n<p class=\"wp-block-paragraph\">C&rsquo;est le moment de pr\u00e9parer la rentr\u00e9e ! Nous avons le plaisir de vous partager notre nouveau flyer qui regroupe nos activit\u00e9s et prochains \u00e9v\u00e9nements \u00e0 venir.<\/p>\n\n\n\n<p class=\"wp-block-paragraph\">Les nouveaut\u00e9s : <\/p>\n\n\n\n<ul class=\"wp-block-list\">\n<li>la gym tr\u00e8s douce, <\/li>\n\n\n\n<li>le fit danse fusion (erratum sur le flyer : remplace le modern&rsquo; jazz)<\/li>\n\n\n\n<li>le hip hop enfants (8-12 ans)<\/li>\n<\/ul>\n\n\n\n<p class=\"wp-block-paragraph\"><\/p>\n\n\n\n<p class=\"wp-block-paragraph\">Venez vous inscrire les 2, 5 et 7 septembre au local, 11 rue de Turpenay \u00e0 Tours Nord.<\/p>\n\n\n\n<p class=\"wp-block-paragraph\">Reprise des cours la semaine suivante !<\/p>\n\n\n\n<div data-wp-interactive=\"core\/file\" class=\"wp-block-file\"><object data-wp-bind--hidden=\"!state.hasPdfPreview\" hidden class=\"wp-block-file__embed\" data=\"https:\/\/www.douetsmilletiere.comitesquartier-tours.fr\/wp-content\/uploads\/2024\/07\/Plaquette-2024-2025-V7-040724.pdf\" type=\"application\/pdf\" style=\"width:100%;height:600px\" aria-label=\"Contenu embarqu\u00e9 T\u00e9l\u00e9charger la plaquette 2024-2025.\"><\/object><a id=\"wp-block-file--media-4a7a434e-db22-4426-93fc-a2e8f5d761c4\" href=\"https:\/\/www.douetsmilletiere.comitesquartier-tours.fr\/wp-content\/uploads\/2024\/07\/Plaquette-2024-2025-V7-040724.pdf\">T\u00e9l\u00e9charger la plaquette 2024-2025<\/a><a href=\"https:\/\/www.douetsmilletiere.comitesquartier-tours.fr\/wp-content\/uploads\/2024\/07\/Plaquette-2024-2025-V7-040724.pdf\" class=\"wp-block-file__button wp-element-button\" download aria-describedby=\"wp-block-file--media-4a7a434e-db22-4426-93fc-a2e8f5d761c4\">T\u00e9l\u00e9charger<\/a><\/div>\n","protected":false},"excerpt":{"rendered":"<p>C&rsquo;est le moment de pr\u00e9parer la rentr\u00e9e ! Nous avons le plaisir de vous partager notre nouveau flyer qui regroupe nos activit\u00e9s et prochains \u00e9v\u00e9nements \u00e0 venir. Les nouveaut\u00e9s : Venez vous inscrire les 2, 5 et 7 septembre au local, 11 rue de Turpenay \u00e0 Tours Nord. Reprise des cours la semaine suivante !<\/p>\n","protected":false},"author":1,"featured_media":147127,"comment_status":"closed","ping_status":"closed","sticky":false,"template":"","format":"standard","meta":{"_price":"","_stock":"","_tribe_ticket_header":"","_tribe_default_ticket_provider":"","_tribe_ticket_capacity":"","_ticket_start_date":"","_ticket_end_date":"","_tribe_ticket_show_description":"","_tribe_ticket_show_not_going":false,"_tribe_ticket_use_global_stock":"","_tribe_ticket_global_stock_level":"","_global_stock_mode":"","_global_stock_cap":"","_tribe_rsvp_for_event":"","_tribe_ticket_going_count":"","_tribe_ticket_not_going_count":"","_tribe_tickets_list":"[]","_tribe_ticket_has_attendee_info_fields":false,"footnotes":""},"categories":[7,10],"tags":[],"class_list":["post-147126","post","type-post","status-publish","format-standard","has-post-thumbnail","hentry","category-actualite","category-panorama","item-wrap"],"_links":{"self":[{"href":"https:\/\/www.douetsmilletiere.comitesquartier-tours.fr\/index.php?rest_route=\/wp\/v2\/posts\/147126","targetHints":{"allow":["GET"]}}],"collection":[{"href":"https:\/\/www.douetsmilletiere.comitesquartier-tours.fr\/index.php?rest_route=\/wp\/v2\/posts"}],"about":[{"href":"https:\/\/www.douetsmilletiere.comitesquartier-tours.fr\/index.php?rest_route=\/wp\/v2\/types\/post"}],"author":[{"embeddable":true,"href":"https:\/\/www.douetsmilletiere.comitesquartier-tours.fr\/index.php?rest_route=\/wp\/v2\/users\/1"}],"replies":[{"embeddable":true,"href":"https:\/\/www.douetsmilletiere.comitesquartier-tours.fr\/index.php?rest_route=%2Fwp%2Fv2%2Fcomments&post=147126"}],"version-history":[{"count":2,"href":"https:\/\/www.douetsmilletiere.comitesquartier-tours.fr\/index.php?rest_route=\/wp\/v2\/posts\/147126\/revisions"}],"predecessor-version":[{"id":147130,"href":"https:\/\/www.douetsmilletiere.comitesquartier-tours.fr\/index.php?rest_route=\/wp\/v2\/posts\/147126\/revisions\/147130"}],"wp:featuredmedia":[{"embeddable":true,"href":"https:\/\/www.douetsmilletiere.comitesquartier-tours.fr\/index.php?rest_route=\/wp\/v2\/media\/147127"}],"wp:attachment":[{"href":"https:\/\/www.douetsmilletiere.comitesquartier-tours.fr\/index.php?rest_route=%2Fwp%2Fv2%2Fmedia&parent=147126"}],"wp:term":[{"taxonomy":"category","embeddable":true,"href":"https:\/\/www.douetsmilletiere.comitesquartier-tours.fr\/index.php?rest_route=%2Fwp%2Fv2%2Fcategories&post=147126"},{"taxonomy":"post_tag","embeddable":true,"href":"https:\/\/www.douetsmilletiere.comitesquartier-tours.fr\/index.php?rest_route=%2Fwp%2Fv2%2Ftags&post=147126"}],"curies":[{"name":"wp","href":"https:\/\/api.w.org\/{rel}","templated":true}]}}