{"id":147136,"date":"2024-09-16T20:07:42","date_gmt":"2024-09-16T18:07:42","guid":{"rendered":"https:\/\/www.douetsmilletiere.comitesquartier-tours.fr\/?p=147136"},"modified":"2024-09-16T20:09:35","modified_gmt":"2024-09-16T18:09:35","slug":"spectacle-la-perichole-a-notre-dame-doe","status":"publish","type":"post","link":"https:\/\/www.douetsmilletiere.comitesquartier-tours.fr\/?p=147136","title":{"rendered":"Spectacle la P\u00e9richole \u00e0 Notre Dame d&rsquo;O\u00e9"},"content":{"rendered":"\n<p class=\"wp-block-paragraph\">45 choristes, solistes, com\u00e9diens tous amateurs et passionn\u00e9s interpretent \u00ab\u00a0La P\u00e9richole\u00a0\u00bb,\u00a0 Op\u00e9ra Buffa en deux actes de J. Offenbach sous la direction Musicale de Marine Desenclos, notre cheffe de ch\u0153ur, et d&rsquo;apr\u00e8s une mise en sc\u00e8ne de Benoit Lejeune.<\/p>\n\n\n\n<ul class=\"wp-block-list\">\n<li>Date : 16 novembre<\/li>\n\n\n\n<li>Horaires : 20h<\/li>\n\n\n\n<li>Adresse : complexe culturel O\u00e9sia, Notre Dame d&rsquo;O\u00e9<\/li>\n<\/ul>\n\n\n\n<p class=\"wp-block-paragraph\"><\/p>\n\n\n\n<p class=\"wp-block-paragraph\"><strong>Contact et r\u00e9servation : <\/strong><\/p>\n\n\n\n<ul class=\"wp-block-list\">\n<li>musical.voxpopuli@gmail.com<\/li>\n\n\n\n<li>07 59 79 18 17<\/li>\n<\/ul>\n\n\n\n<p class=\"wp-block-paragraph\"><\/p>\n\n\n\n<figure class=\"wp-block-image size-full\"><a href=\"https:\/\/www.douetsmilletiere.comitesquartier-tours.fr\/wp-content\/uploads\/2024\/09\/IMG-20240914-WA0000.jpg\"><img loading=\"lazy\" decoding=\"async\" width=\"452\" height=\"640\" src=\"https:\/\/www.douetsmilletiere.comitesquartier-tours.fr\/wp-content\/uploads\/2024\/09\/IMG-20240914-WA0000.jpg\" alt=\"\" class=\"wp-image-147137\" srcset=\"https:\/\/www.douetsmilletiere.comitesquartier-tours.fr\/wp-content\/uploads\/2024\/09\/IMG-20240914-WA0000.jpg 452w, https:\/\/www.douetsmilletiere.comitesquartier-tours.fr\/wp-content\/uploads\/2024\/09\/IMG-20240914-WA0000-212x300.jpg 212w\" sizes=\"auto, (max-width: 452px) 100vw, 452px\" \/><\/a><\/figure>\n","protected":false},"excerpt":{"rendered":"<p>45 choristes, solistes, com\u00e9diens tous amateurs et passionn\u00e9s interpretent \u00ab\u00a0La P\u00e9richole\u00a0\u00bb,\u00a0 Op\u00e9ra Buffa en deux actes de J. Offenbach sous la direction Musicale de Marine Desenclos, notre cheffe de ch\u0153ur, et d&rsquo;apr\u00e8s une mise en sc\u00e8ne de Benoit Lejeune. Contact et r\u00e9servation :<\/p>\n","protected":false},"author":1,"featured_media":147137,"comment_status":"closed","ping_status":"closed","sticky":false,"template":"","format":"standard","meta":{"_price":"","_stock":"","_tribe_ticket_header":"","_tribe_default_ticket_provider":"","_tribe_ticket_capacity":"","_ticket_start_date":"","_ticket_end_date":"","_tribe_ticket_show_description":"","_tribe_ticket_show_not_going":false,"_tribe_ticket_use_global_stock":"","_tribe_ticket_global_stock_level":"","_global_stock_mode":"","_global_stock_cap":"","_tribe_rsvp_for_event":"","_tribe_ticket_going_count":"","_tribe_ticket_not_going_count":"","_tribe_tickets_list":"[]","_tribe_ticket_has_attendee_info_fields":false,"footnotes":""},"categories":[7,10],"tags":[],"class_list":["post-147136","post","type-post","status-publish","format-standard","has-post-thumbnail","hentry","category-actualite","category-panorama","item-wrap"],"_links":{"self":[{"href":"https:\/\/www.douetsmilletiere.comitesquartier-tours.fr\/index.php?rest_route=\/wp\/v2\/posts\/147136","targetHints":{"allow":["GET"]}}],"collection":[{"href":"https:\/\/www.douetsmilletiere.comitesquartier-tours.fr\/index.php?rest_route=\/wp\/v2\/posts"}],"about":[{"href":"https:\/\/www.douetsmilletiere.comitesquartier-tours.fr\/index.php?rest_route=\/wp\/v2\/types\/post"}],"author":[{"embeddable":true,"href":"https:\/\/www.douetsmilletiere.comitesquartier-tours.fr\/index.php?rest_route=\/wp\/v2\/users\/1"}],"replies":[{"embeddable":true,"href":"https:\/\/www.douetsmilletiere.comitesquartier-tours.fr\/index.php?rest_route=%2Fwp%2Fv2%2Fcomments&post=147136"}],"version-history":[{"count":2,"href":"https:\/\/www.douetsmilletiere.comitesquartier-tours.fr\/index.php?rest_route=\/wp\/v2\/posts\/147136\/revisions"}],"predecessor-version":[{"id":147139,"href":"https:\/\/www.douetsmilletiere.comitesquartier-tours.fr\/index.php?rest_route=\/wp\/v2\/posts\/147136\/revisions\/147139"}],"wp:featuredmedia":[{"embeddable":true,"href":"https:\/\/www.douetsmilletiere.comitesquartier-tours.fr\/index.php?rest_route=\/wp\/v2\/media\/147137"}],"wp:attachment":[{"href":"https:\/\/www.douetsmilletiere.comitesquartier-tours.fr\/index.php?rest_route=%2Fwp%2Fv2%2Fmedia&parent=147136"}],"wp:term":[{"taxonomy":"category","embeddable":true,"href":"https:\/\/www.douetsmilletiere.comitesquartier-tours.fr\/index.php?rest_route=%2Fwp%2Fv2%2Fcategories&post=147136"},{"taxonomy":"post_tag","embeddable":true,"href":"https:\/\/www.douetsmilletiere.comitesquartier-tours.fr\/index.php?rest_route=%2Fwp%2Fv2%2Ftags&post=147136"}],"curies":[{"name":"wp","href":"https:\/\/api.w.org\/{rel}","templated":true}]}}