{"id":147145,"date":"2024-10-08T18:50:18","date_gmt":"2024-10-08T16:50:18","guid":{"rendered":"https:\/\/www.douetsmilletiere.comitesquartier-tours.fr\/?p=147145"},"modified":"2024-10-08T18:55:50","modified_gmt":"2024-10-08T16:55:50","slug":"ateliers-participatifs-bien-vieillir-a-tours","status":"publish","type":"post","link":"https:\/\/www.douetsmilletiere.comitesquartier-tours.fr\/?p=147145","title":{"rendered":"Ateliers participatifs : bien vieillir \u00e0 Tours"},"content":{"rendered":"\n<p class=\"wp-block-paragraph\">Le Centre Communal d\u2019Action Sociale (CCAS) de la Ville de Tours invite les personnes de plus de 60 ans \u00e0 se joindre aux ateliers participatifs sur le th\u00e8me \u00ab Bien vieillir \u00e0 Tours \u00bb qui auront lieu : <\/p>\n\n\n\n<ul class=\"wp-block-list\">\n<li>mardi 5 novembre \u00e0 14h30 au Centre de Vie du Sanitas<\/li>\n\n\n\n<li>mercredi 6 novembre \u00e0 15h30 \u00e0 la Grange du Colombier<\/li>\n<\/ul>\n\n\n\n<p class=\"wp-block-paragraph\"><\/p>\n\n\n\n<p class=\"wp-block-paragraph\">Participez aux \u00e9changes le temps d\u2019un atelier, autour d\u2019un caf\u00e9, et contribuez \u00e0 faire de Tours une ville amie des a\u00een\u00e9s !<\/p>\n\n\n\n<p class=\"wp-block-paragraph\">D\u00e9couvrez toutes les informations sur ccas-tours.fr<\/p>\n\n\n\n<p class=\"wp-block-paragraph\"><strong>Renseignements et inscriptions aupr\u00e8s du CCAS : 02 18 95 12 30<\/strong><\/p>\n\n\n\n<div data-wp-interactive=\"core\/file\" class=\"wp-block-file\"><object data-wp-bind--hidden=\"!state.hasPdfPreview\" hidden class=\"wp-block-file__embed\" data=\"https:\/\/www.douetsmilletiere.comitesquartier-tours.fr\/wp-content\/uploads\/2024\/10\/Affiche-bien-vieillir-2024.pdf\" type=\"application\/pdf\" style=\"width:100%;height:600px\" aria-label=\"Contenu embarqu\u00e9 T\u00e9l\u00e9charger l&apos;affiche.\"><\/object><a id=\"wp-block-file--media-1285c6bc-5c22-44ab-be72-84bb4b05cda9\" href=\"https:\/\/www.douetsmilletiere.comitesquartier-tours.fr\/wp-content\/uploads\/2024\/10\/Affiche-bien-vieillir-2024.pdf\">T\u00e9l\u00e9charger l&rsquo;affiche<\/a><a href=\"https:\/\/www.douetsmilletiere.comitesquartier-tours.fr\/wp-content\/uploads\/2024\/10\/Affiche-bien-vieillir-2024.pdf\" class=\"wp-block-file__button wp-element-button\" download aria-describedby=\"wp-block-file--media-1285c6bc-5c22-44ab-be72-84bb4b05cda9\">T\u00e9l\u00e9charger<\/a><\/div>\n","protected":false},"excerpt":{"rendered":"<p>Le Centre Communal d\u2019Action Sociale (CCAS) de la Ville de Tours invite les personnes de plus de 60 ans \u00e0 se joindre aux ateliers participatifs sur le th\u00e8me \u00ab Bien vieillir \u00e0 Tours \u00bb qui auront lieu : Participez aux \u00e9changes le temps d\u2019un atelier, autour d\u2019un caf\u00e9, et contribuez \u00e0 faire de Tours une &hellip; <\/p>\n<p><a class=\"more-link btn\" href=\"https:\/\/www.douetsmilletiere.comitesquartier-tours.fr\/?p=147145\">Lire la suite<\/a><\/p>\n","protected":false},"author":1,"featured_media":147147,"comment_status":"closed","ping_status":"closed","sticky":false,"template":"","format":"standard","meta":{"_price":"","_stock":"","_tribe_ticket_header":"","_tribe_default_ticket_provider":"","_tribe_ticket_capacity":"","_ticket_start_date":"","_ticket_end_date":"","_tribe_ticket_show_description":"","_tribe_ticket_show_not_going":false,"_tribe_ticket_use_global_stock":"","_tribe_ticket_global_stock_level":"","_global_stock_mode":"","_global_stock_cap":"","_tribe_rsvp_for_event":"","_tribe_ticket_going_count":"","_tribe_ticket_not_going_count":"","_tribe_tickets_list":"[]","_tribe_ticket_has_attendee_info_fields":false,"footnotes":""},"categories":[7,10],"tags":[],"class_list":["post-147145","post","type-post","status-publish","format-standard","has-post-thumbnail","hentry","category-actualite","category-panorama","item-wrap"],"_links":{"self":[{"href":"https:\/\/www.douetsmilletiere.comitesquartier-tours.fr\/index.php?rest_route=\/wp\/v2\/posts\/147145","targetHints":{"allow":["GET"]}}],"collection":[{"href":"https:\/\/www.douetsmilletiere.comitesquartier-tours.fr\/index.php?rest_route=\/wp\/v2\/posts"}],"about":[{"href":"https:\/\/www.douetsmilletiere.comitesquartier-tours.fr\/index.php?rest_route=\/wp\/v2\/types\/post"}],"author":[{"embeddable":true,"href":"https:\/\/www.douetsmilletiere.comitesquartier-tours.fr\/index.php?rest_route=\/wp\/v2\/users\/1"}],"replies":[{"embeddable":true,"href":"https:\/\/www.douetsmilletiere.comitesquartier-tours.fr\/index.php?rest_route=%2Fwp%2Fv2%2Fcomments&post=147145"}],"version-history":[{"count":2,"href":"https:\/\/www.douetsmilletiere.comitesquartier-tours.fr\/index.php?rest_route=\/wp\/v2\/posts\/147145\/revisions"}],"predecessor-version":[{"id":147149,"href":"https:\/\/www.douetsmilletiere.comitesquartier-tours.fr\/index.php?rest_route=\/wp\/v2\/posts\/147145\/revisions\/147149"}],"wp:featuredmedia":[{"embeddable":true,"href":"https:\/\/www.douetsmilletiere.comitesquartier-tours.fr\/index.php?rest_route=\/wp\/v2\/media\/147147"}],"wp:attachment":[{"href":"https:\/\/www.douetsmilletiere.comitesquartier-tours.fr\/index.php?rest_route=%2Fwp%2Fv2%2Fmedia&parent=147145"}],"wp:term":[{"taxonomy":"category","embeddable":true,"href":"https:\/\/www.douetsmilletiere.comitesquartier-tours.fr\/index.php?rest_route=%2Fwp%2Fv2%2Fcategories&post=147145"},{"taxonomy":"post_tag","embeddable":true,"href":"https:\/\/www.douetsmilletiere.comitesquartier-tours.fr\/index.php?rest_route=%2Fwp%2Fv2%2Ftags&post=147145"}],"curies":[{"name":"wp","href":"https:\/\/api.w.org\/{rel}","templated":true}]}}