{"id":147297,"date":"2025-02-14T14:56:22","date_gmt":"2025-02-14T13:56:22","guid":{"rendered":"https:\/\/www.douetsmilletiere.comitesquartier-tours.fr\/?p=147297"},"modified":"2025-02-14T14:56:22","modified_gmt":"2025-02-14T13:56:22","slug":"giverny-au-coeur-de-la-normandie","status":"publish","type":"post","link":"https:\/\/www.douetsmilletiere.comitesquartier-tours.fr\/?p=147297","title":{"rendered":"Giverny, au c\u0153ur de la Normandie"},"content":{"rendered":"\n<p>L\u2019Association Douets Milleti\u00e8re vous propose une sortie \u00e0 Giverny le vendredi 6 juin 2025. <\/p>\n\n\n\n<ul class=\"wp-block-list\">\n<li><strong>D\u00e9part en autocar de Tours vers 5h30 <\/strong>avec une pause petit-d\u00e9jeuner en cours de route.<\/li>\n\n\n\n<li><strong>9h15 : visite guid\u00e9e de la Fondation Claude Monet,<\/strong> le lieu le plus visit\u00e9 en Normandie apr\u00e8s le Mont Saint-Michel<\/li>\n<\/ul>\n\n\n\n<p><\/p>\n\n\n\n<p>Quand Monet s\u2019installe \u00e0 Giverny, la longue maison en cr\u00e9pi rose a un jardin d\u2019un hectare constitu\u00e9 d\u2019une pommeraie et d\u2019un potager. Conquis par ce jardin, le peintre-jardinier se met aussit\u00f4t au travail et n\u2019aura de cesse de perfectionner le Clos Normand pour en faire le jardin de ses r\u00eaves color\u00e9s.<\/p>\n\n\n\n<p><strong>D\u00e9jeuner au restaurant.<\/strong><\/p>\n\n\n\n<p><strong>L\u2019apr\u00e8s-midi : visite libre du mus\u00e9e et du jardin des impressionnistes, <\/strong>situ\u00e9s \u00e0 quelques m\u00e8tres de la maison et des jardins de Claude Monet. Le mus\u00e9e invite \u00e0 la d\u00e9couverte du courant artistique impressionniste dans toute sa diversit\u00e9, jusque dans ses influences et ses suites. Structur\u00e9 et contemporain, le jardin se laisse d\u00e9cou-vrir au fur et \u00e0 mesure de la d\u00e9ambulation, le long des all\u00e9es et de leurs parterres monochromes, \u00e9voquant les couleurs primaires.<br><\/p>\n\n\n\n<p><strong>Reprise de la route vers 16h15 <\/strong>avec pause confort en cours de route. Arriv\u00e9e \u00e0 Tours vers 19h00.<\/p>\n\n\n\n<p>Informations pratiques (+5 euros pour les non adh\u00e9rents) :<\/p>\n\n\n\n<ul class=\"wp-block-list\">\n<li>Sur la base de 40 participants : 117,00 Euros<\/li>\n\n\n\n<li>30 participants : 139,00 Euros<\/li>\n<\/ul>\n\n\n\n<p><\/p>\n\n\n\n<p><strong>Si vous \u00eates int\u00e9ress\u00e9(e)s, merci de vous INSCRIRE DES MAINTENANT aupr\u00e8s de :<\/strong><\/p>\n\n\n\n<ul class=\"wp-block-list\">\n<li>Agn\u00e8s au 06.72.58.08.13<\/li>\n\n\n\n<li>ou \u00e0 la permanence du jeudi de 14h00 \u00e0 16h00, au local, 11, rue de Turpenay Tours Nord (uniquement le 1er jeudi du mois \u00e0 partir de f\u00e9vrier)<\/li>\n\n\n\n<li>ou par messagerie : asso.douets-milletiere@outlook.fr<\/li>\n<\/ul>\n\n\n\n<p><\/p>\n\n\n\n<div data-wp-interactive=\"core\/file\" class=\"wp-block-file\"><object data-wp-bind--hidden=\"!state.hasPdfPreview\" hidden class=\"wp-block-file__embed\" data=\"https:\/\/www.douetsmilletiere.comitesquartier-tours.fr\/wp-content\/uploads\/2025\/02\/Giverny-2025-V2.pdf\" type=\"application\/pdf\" style=\"width:100%;height:600px\" aria-label=\"Contenu embarqu\u00e9 Voir l&apos;affiche.\"><\/object><a id=\"wp-block-file--media-5c9f0d7a-1eab-4215-bd48-738d460addff\" href=\"https:\/\/www.douetsmilletiere.comitesquartier-tours.fr\/wp-content\/uploads\/2025\/02\/Giverny-2025-V2.pdf\">Voir l&rsquo;affiche<\/a><a href=\"https:\/\/www.douetsmilletiere.comitesquartier-tours.fr\/wp-content\/uploads\/2025\/02\/Giverny-2025-V2.pdf\" class=\"wp-block-file__button wp-element-button\" download aria-describedby=\"wp-block-file--media-5c9f0d7a-1eab-4215-bd48-738d460addff\">T\u00e9l\u00e9charger<\/a><\/div>\n","protected":false},"excerpt":{"rendered":"<p>L\u2019Association Douets Milleti\u00e8re vous propose une sortie \u00e0 Giverny le vendredi 6 juin 2025. Quand Monet s\u2019installe \u00e0 Giverny, la longue maison en cr\u00e9pi rose a un jardin d\u2019un hectare constitu\u00e9 d\u2019une pommeraie et d\u2019un potager. Conquis par ce jardin, le peintre-jardinier se met aussit\u00f4t au travail et n\u2019aura de cesse de perfectionner le Clos &hellip; <\/p>\n<p><a class=\"more-link btn\" href=\"https:\/\/www.douetsmilletiere.comitesquartier-tours.fr\/?p=147297\">Lire la suite<\/a><\/p>\n","protected":false},"author":1,"featured_media":147299,"comment_status":"closed","ping_status":"closed","sticky":false,"template":"","format":"standard","meta":{"footnotes":""},"categories":[7,10],"tags":[],"class_list":["post-147297","post","type-post","status-publish","format-standard","has-post-thumbnail","hentry","category-actualite","category-panorama","item-wrap"],"_links":{"self":[{"href":"https:\/\/www.douetsmilletiere.comitesquartier-tours.fr\/index.php?rest_route=\/wp\/v2\/posts\/147297","targetHints":{"allow":["GET"]}}],"collection":[{"href":"https:\/\/www.douetsmilletiere.comitesquartier-tours.fr\/index.php?rest_route=\/wp\/v2\/posts"}],"about":[{"href":"https:\/\/www.douetsmilletiere.comitesquartier-tours.fr\/index.php?rest_route=\/wp\/v2\/types\/post"}],"author":[{"embeddable":true,"href":"https:\/\/www.douetsmilletiere.comitesquartier-tours.fr\/index.php?rest_route=\/wp\/v2\/users\/1"}],"replies":[{"embeddable":true,"href":"https:\/\/www.douetsmilletiere.comitesquartier-tours.fr\/index.php?rest_route=%2Fwp%2Fv2%2Fcomments&post=147297"}],"version-history":[{"count":1,"href":"https:\/\/www.douetsmilletiere.comitesquartier-tours.fr\/index.php?rest_route=\/wp\/v2\/posts\/147297\/revisions"}],"predecessor-version":[{"id":147300,"href":"https:\/\/www.douetsmilletiere.comitesquartier-tours.fr\/index.php?rest_route=\/wp\/v2\/posts\/147297\/revisions\/147300"}],"wp:featuredmedia":[{"embeddable":true,"href":"https:\/\/www.douetsmilletiere.comitesquartier-tours.fr\/index.php?rest_route=\/wp\/v2\/media\/147299"}],"wp:attachment":[{"href":"https:\/\/www.douetsmilletiere.comitesquartier-tours.fr\/index.php?rest_route=%2Fwp%2Fv2%2Fmedia&parent=147297"}],"wp:term":[{"taxonomy":"category","embeddable":true,"href":"https:\/\/www.douetsmilletiere.comitesquartier-tours.fr\/index.php?rest_route=%2Fwp%2Fv2%2Fcategories&post=147297"},{"taxonomy":"post_tag","embeddable":true,"href":"https:\/\/www.douetsmilletiere.comitesquartier-tours.fr\/index.php?rest_route=%2Fwp%2Fv2%2Ftags&post=147297"}],"curies":[{"name":"wp","href":"https:\/\/api.w.org\/{rel}","templated":true}]}}