{"id":147311,"date":"2025-03-07T10:29:51","date_gmt":"2025-03-07T09:29:51","guid":{"rendered":"https:\/\/www.douetsmilletiere.comitesquartier-tours.fr\/?p=147311"},"modified":"2025-03-07T10:30:21","modified_gmt":"2025-03-07T09:30:21","slug":"invitation-atelier-2-co-construction-quartier-milletiere","status":"publish","type":"post","link":"https:\/\/www.douetsmilletiere.comitesquartier-tours.fr\/?p=147311","title":{"rendered":"Invitation : atelier 2 co-construction quartier Milleti\u00e8re"},"content":{"rendered":"\n<p>La ville de Tours vous invite \u00e0 participer \u00e0 un 2\u00e8me atelier de co-construction autour de l&rsquo;am\u00e9nagement de plusieurs sites du quartier.<\/p>\n\n\n\n<p>Atelier 2 : des id\u00e9es au projet mercredi 12 mars (16h &#8211; 18h) \u00e0 la salle Annexe de la Milleti\u00e8re<\/p>\n\n\n\n<p><strong>Au programme :<\/strong><\/p>\n\n\n\n<ul class=\"wp-block-list\">\n<li>Restitution du travail de l&rsquo;atelier 1 : pr\u00e9sentation de la synth\u00e8se des \u00e9l\u00e9ments recueillis lors de la balade urbaine et des \u00e9changes en groupe<\/li>\n\n\n\n<li>Pr\u00e9sentation des esquisses : le paysagiste de la ville pr\u00e9sentera des propositions d&rsquo;am\u00e9nagements paysagers pour les diff\u00e9rents lieux du quartier<\/li>\n\n\n\n<li>Echanges et discussions : venez partager vos impressions et enrichir les sc\u00e9narios propos\u00e9s <\/li>\n<\/ul>\n\n\n\n<p><\/p>\n\n\n\n<p>Pour plus d&rsquo;informations, contactez la Direction du Patrimoine V\u00e9g\u00e9tal et Biodiversit\u00e9 : Charlotte ROUPLY (02 42 88 05 08 \/ 07 86 89 09 82).<\/p>\n\n\n\n<div data-wp-interactive=\"core\/file\" class=\"wp-block-file\"><object data-wp-bind--hidden=\"!state.hasPdfPreview\" hidden class=\"wp-block-file__embed\" data=\"https:\/\/www.douetsmilletiere.comitesquartier-tours.fr\/wp-content\/uploads\/2025\/03\/Invitation-12-03-25_Atelier-2-co-construction-Milletiere.pdf\" type=\"application\/pdf\" style=\"width:100%;height:600px\" aria-label=\"Contenu embarqu\u00e9 T\u00e9l\u00e9charger l&apos;affiche.\"><\/object><a id=\"wp-block-file--media-1c312053-6eb1-4480-8fe1-b59da3fe2c54\" href=\"https:\/\/www.douetsmilletiere.comitesquartier-tours.fr\/wp-content\/uploads\/2025\/03\/Invitation-12-03-25_Atelier-2-co-construction-Milletiere.pdf\">T\u00e9l\u00e9charger l&rsquo;affiche<\/a><a href=\"https:\/\/www.douetsmilletiere.comitesquartier-tours.fr\/wp-content\/uploads\/2025\/03\/Invitation-12-03-25_Atelier-2-co-construction-Milletiere.pdf\" class=\"wp-block-file__button wp-element-button\" download aria-describedby=\"wp-block-file--media-1c312053-6eb1-4480-8fe1-b59da3fe2c54\">T\u00e9l\u00e9charger<\/a><\/div>\n","protected":false},"excerpt":{"rendered":"<p>La ville de Tours vous invite \u00e0 participer \u00e0 un 2\u00e8me atelier de co-construction autour de l&rsquo;am\u00e9nagement de plusieurs sites du quartier. Atelier 2 : des id\u00e9es au projet mercredi 12 mars (16h &#8211; 18h) \u00e0 la salle Annexe de la Milleti\u00e8re Au programme : Pour plus d&rsquo;informations, contactez la Direction du Patrimoine V\u00e9g\u00e9tal et &hellip; <\/p>\n<p><a class=\"more-link btn\" href=\"https:\/\/www.douetsmilletiere.comitesquartier-tours.fr\/?p=147311\">Lire la suite<\/a><\/p>\n","protected":false},"author":1,"featured_media":147313,"comment_status":"closed","ping_status":"closed","sticky":false,"template":"","format":"standard","meta":{"footnotes":""},"categories":[7,10],"tags":[],"class_list":["post-147311","post","type-post","status-publish","format-standard","has-post-thumbnail","hentry","category-actualite","category-panorama","item-wrap"],"_links":{"self":[{"href":"https:\/\/www.douetsmilletiere.comitesquartier-tours.fr\/index.php?rest_route=\/wp\/v2\/posts\/147311","targetHints":{"allow":["GET"]}}],"collection":[{"href":"https:\/\/www.douetsmilletiere.comitesquartier-tours.fr\/index.php?rest_route=\/wp\/v2\/posts"}],"about":[{"href":"https:\/\/www.douetsmilletiere.comitesquartier-tours.fr\/index.php?rest_route=\/wp\/v2\/types\/post"}],"author":[{"embeddable":true,"href":"https:\/\/www.douetsmilletiere.comitesquartier-tours.fr\/index.php?rest_route=\/wp\/v2\/users\/1"}],"replies":[{"embeddable":true,"href":"https:\/\/www.douetsmilletiere.comitesquartier-tours.fr\/index.php?rest_route=%2Fwp%2Fv2%2Fcomments&post=147311"}],"version-history":[{"count":2,"href":"https:\/\/www.douetsmilletiere.comitesquartier-tours.fr\/index.php?rest_route=\/wp\/v2\/posts\/147311\/revisions"}],"predecessor-version":[{"id":147315,"href":"https:\/\/www.douetsmilletiere.comitesquartier-tours.fr\/index.php?rest_route=\/wp\/v2\/posts\/147311\/revisions\/147315"}],"wp:featuredmedia":[{"embeddable":true,"href":"https:\/\/www.douetsmilletiere.comitesquartier-tours.fr\/index.php?rest_route=\/wp\/v2\/media\/147313"}],"wp:attachment":[{"href":"https:\/\/www.douetsmilletiere.comitesquartier-tours.fr\/index.php?rest_route=%2Fwp%2Fv2%2Fmedia&parent=147311"}],"wp:term":[{"taxonomy":"category","embeddable":true,"href":"https:\/\/www.douetsmilletiere.comitesquartier-tours.fr\/index.php?rest_route=%2Fwp%2Fv2%2Fcategories&post=147311"},{"taxonomy":"post_tag","embeddable":true,"href":"https:\/\/www.douetsmilletiere.comitesquartier-tours.fr\/index.php?rest_route=%2Fwp%2Fv2%2Ftags&post=147311"}],"curies":[{"name":"wp","href":"https:\/\/api.w.org\/{rel}","templated":true}]}}