{"id":147409,"date":"2025-05-30T15:21:13","date_gmt":"2025-05-30T13:21:13","guid":{"rendered":"https:\/\/www.douetsmilletiere.comitesquartier-tours.fr\/?p=147409"},"modified":"2025-06-05T10:21:03","modified_gmt":"2025-06-05T08:21:03","slug":"fete-de-la-musique-et-de-lamitie-a-la-milletiere","status":"publish","type":"post","link":"https:\/\/www.douetsmilletiere.comitesquartier-tours.fr\/?p=147409","title":{"rendered":"F\u00eate de la musique et de l&rsquo;amiti\u00e9 \u00e0 la Milleti\u00e8re"},"content":{"rendered":"\n<p>L\u2019Association Douets Milleti\u00e8re vous invite \u00e0 la f\u00eate de la musique et de l\u2019amiti\u00e9 \u00e0 la Milleti\u00e8re de 10h \u00e0 21h* \u00e0 la Grange de la Milleti\u00e8re! Parce que tout le monde ne veut pas sortir le soir pour la f\u00eate de la musique, nous avons imagin\u00e9 cet \u00e9v\u00e9nement en journ\u00e9e pour vous ! <\/p>\n\n\n\n<p><\/p>\n\n\n\n<p><strong>Le matin :<\/strong><\/p>\n\n\n\n<ul class=\"wp-block-list\">\n<li>Caf\u00e9\/th\u00e9\/croissant<\/li>\n\n\n\n<li>Vide dressing<\/li>\n<\/ul>\n\n\n\n<p><\/p>\n\n\n\n<p><strong>L\u2019apr\u00e8s-midi, des repr\u00e9sentations :<\/strong><\/p>\n\n\n\n<ul class=\"wp-block-list\">\n<li>Hip-hop<\/li>\n\n\n\n<li>Chorale<\/li>\n\n\n\n<li>Th\u00e9\u00e2tre<\/li>\n\n\n\n<li>Musique<\/li>\n\n\n\n<li>DJ\u2026<br>Et d\u2019autres surprises !<\/li>\n<\/ul>\n\n\n\n<p><\/p>\n\n\n\n<p>* Fermeture imp\u00e9rative du site \u00e0 22h<\/p>\n\n\n\n<div data-wp-interactive=\"core\/file\" class=\"wp-block-file\"><object data-wp-bind--hidden=\"!state.hasPdfPreview\" hidden class=\"wp-block-file__embed\" data=\"https:\/\/www.douetsmilletiere.comitesquartier-tours.fr\/wp-content\/uploads\/2025\/05\/Affiche-fete-amitie-Milletiere-V4.pdf\" type=\"application\/pdf\" style=\"width:100%;height:600px\" aria-label=\"Contenu embarqu\u00e9 Voir l&apos;affiche.\"><\/object><a id=\"wp-block-file--media-92e2b368-1a46-474c-9dcd-d09e5bdbc674\" href=\"https:\/\/www.douetsmilletiere.comitesquartier-tours.fr\/wp-content\/uploads\/2025\/05\/Affiche-fete-amitie-Milletiere-V4.pdf\">Voir l&rsquo;affiche<\/a><a href=\"https:\/\/www.douetsmilletiere.comitesquartier-tours.fr\/wp-content\/uploads\/2025\/05\/Affiche-fete-amitie-Milletiere-V4.pdf\" class=\"wp-block-file__button wp-element-button\" download aria-describedby=\"wp-block-file--media-92e2b368-1a46-474c-9dcd-d09e5bdbc674\">T\u00e9l\u00e9charger<\/a><\/div>\n\n\n\n<p><\/p>\n","protected":false},"excerpt":{"rendered":"<p>L\u2019Association Douets Milleti\u00e8re vous invite \u00e0 la f\u00eate de la musique et de l\u2019amiti\u00e9 \u00e0 la Milleti\u00e8re de 10h \u00e0 21h* \u00e0 la Grange de la Milleti\u00e8re! Parce que tout le monde ne veut pas sortir le soir pour la f\u00eate de la musique, nous avons imagin\u00e9 cet \u00e9v\u00e9nement en journ\u00e9e pour vous ! Le &hellip; <\/p>\n<p><a class=\"more-link btn\" href=\"https:\/\/www.douetsmilletiere.comitesquartier-tours.fr\/?p=147409\">Lire la suite<\/a><\/p>\n","protected":false},"author":1,"featured_media":147411,"comment_status":"closed","ping_status":"closed","sticky":false,"template":"","format":"standard","meta":{"footnotes":""},"categories":[7,10],"tags":[],"class_list":["post-147409","post","type-post","status-publish","format-standard","has-post-thumbnail","hentry","category-actualite","category-panorama","item-wrap"],"_links":{"self":[{"href":"https:\/\/www.douetsmilletiere.comitesquartier-tours.fr\/index.php?rest_route=\/wp\/v2\/posts\/147409","targetHints":{"allow":["GET"]}}],"collection":[{"href":"https:\/\/www.douetsmilletiere.comitesquartier-tours.fr\/index.php?rest_route=\/wp\/v2\/posts"}],"about":[{"href":"https:\/\/www.douetsmilletiere.comitesquartier-tours.fr\/index.php?rest_route=\/wp\/v2\/types\/post"}],"author":[{"embeddable":true,"href":"https:\/\/www.douetsmilletiere.comitesquartier-tours.fr\/index.php?rest_route=\/wp\/v2\/users\/1"}],"replies":[{"embeddable":true,"href":"https:\/\/www.douetsmilletiere.comitesquartier-tours.fr\/index.php?rest_route=%2Fwp%2Fv2%2Fcomments&post=147409"}],"version-history":[{"count":4,"href":"https:\/\/www.douetsmilletiere.comitesquartier-tours.fr\/index.php?rest_route=\/wp\/v2\/posts\/147409\/revisions"}],"predecessor-version":[{"id":147420,"href":"https:\/\/www.douetsmilletiere.comitesquartier-tours.fr\/index.php?rest_route=\/wp\/v2\/posts\/147409\/revisions\/147420"}],"wp:featuredmedia":[{"embeddable":true,"href":"https:\/\/www.douetsmilletiere.comitesquartier-tours.fr\/index.php?rest_route=\/wp\/v2\/media\/147411"}],"wp:attachment":[{"href":"https:\/\/www.douetsmilletiere.comitesquartier-tours.fr\/index.php?rest_route=%2Fwp%2Fv2%2Fmedia&parent=147409"}],"wp:term":[{"taxonomy":"category","embeddable":true,"href":"https:\/\/www.douetsmilletiere.comitesquartier-tours.fr\/index.php?rest_route=%2Fwp%2Fv2%2Fcategories&post=147409"},{"taxonomy":"post_tag","embeddable":true,"href":"https:\/\/www.douetsmilletiere.comitesquartier-tours.fr\/index.php?rest_route=%2Fwp%2Fv2%2Ftags&post=147409"}],"curies":[{"name":"wp","href":"https:\/\/api.w.org\/{rel}","templated":true}]}}