{"id":147618,"date":"2026-03-12T10:41:42","date_gmt":"2026-03-12T09:41:42","guid":{"rendered":"https:\/\/www.douetsmilletiere.comitesquartier-tours.fr\/?p=147618"},"modified":"2026-03-12T10:43:56","modified_gmt":"2026-03-12T09:43:56","slug":"les-rendez-vous-gratuits-des-aidants-2026","status":"publish","type":"post","link":"https:\/\/www.douetsmilletiere.comitesquartier-tours.fr\/?p=147618","title":{"rendered":"Les rendez-vous gratuits des aidants 2026"},"content":{"rendered":"\n<p>Les rendez-vous sont propos\u00e9s <strong>un mardi par mois de 14h \u00e0 16h30 <\/strong>\u00e0 la salle des f\u00eates : 6 rue de Grandmont, 37550 Saint-Avertin. Ce sont des apr\u00e8s-midis d&rsquo;information et d&rsquo;\u00e9changes ouverts aux aidants accompagnant une personne de plus de 60 ans.<\/p>\n\n\n\n<p><strong>Le programme des rendez-vous 2026 :<\/strong><\/p>\n\n\n\n<ul class=\"wp-block-list\">\n<li><strong>Mardi 10 f\u00e9vrier<\/strong> : \u00ab Me conna\u00eetre en tant qu\u2019aidant \u00bb rencontre avec la plateforme de r\u00e9pit pour les aidants d\u2019AGEVIE<\/li>\n\n\n\n<li><strong>Mardi 10 mars<\/strong> :\u00ab Ma relation avec mon proche \u00e9volue : comprendre les impacts \u00e9motionnels et relationnels \u00bb anim\u00e9 par une psychologue<\/li>\n\n\n\n<li><strong>Mardi 14 avril <\/strong>: \u00ab Comprendre les maladies neuro-\u00e9volutives : des rep\u00e8res pour accompagner mon proche \u00bb avec le Centre M\u00e9moire Recherche et Ressource (CMRR) du CHU Bretonneau<\/li>\n\n\n\n<li><strong>Mardi 12 mai<\/strong> : \u00ab Aides aux aidants : suis-je bien inform\u00e9\u00b7e ? \u00bb un\u00b7e conseill\u00e8r\u00b7e autonomie et un\u00b7e conseill\u00e8r\u00b7e num\u00e9rique m\u2019aident \u00e0 faire le point<\/li>\n\n\n\n<li><strong>Mardi 23 juin<\/strong> : \u00ab Internet au service de mon r\u00f4le d\u2019aidant : d\u00e9couverte de ressources utiles en ligne \u00bb anim\u00e9e par deux professionnelles form\u00e9es \u00e0 la r\u00e9flexologie, la sophrologie et au reiki<\/li>\n\n\n\n<li><strong>Mardi 8 septembre<\/strong> : \u00ab J\u2019adapte mon domicile face \u00e0 une maladie neuro-\u00e9volutive : se prot\u00e9ger mon proche et moi \u00bb anim\u00e9 par un\u00b7e ergoth\u00e9rapeute<\/li>\n\n\n\n<li><strong>Mardi 13 octobre<\/strong> : \u00ab Prendre soin de moi pour aider : bien-\u00eatre physique, mental et gestion du temps \u00bb anim\u00e9 par des professionnel\u00b7le\u00b7s du bien-\u00eatre<\/li>\n\n\n\n<li><strong>Mardi 10 novembre<\/strong> : \u00ab Envisager une mesure de protection ? \u00bb \u00e9changes avec un\u00b7e mandataire judiciaire pour y voir plus clair<\/li>\n\n\n\n<li><strong>Mardi 8 d\u00e9cembre<\/strong> : \u00ab Bien dormir pour aider : un atelier pour retrouver un sommeil r\u00e9parateur et de l\u2019\u00e9nergie \u00bb anim\u00e9 par un\u00b7e sophrologue<\/li>\n<\/ul>\n\n\n\n<p><\/p>\n\n\n\n<p><strong>Pour tout renseignement ou pour vous inscrire, <\/strong>contactez l\u2019association AGEVIE au 02 47 36 96 83 ou par mail : pfr@agevie.fr.<\/p>\n\n\n\n<div data-wp-interactive=\"core\/file\" class=\"wp-block-file\"><object data-wp-bind--hidden=\"!state.hasPdfPreview\" hidden class=\"wp-block-file__embed\" data=\"https:\/\/www.douetsmilletiere.comitesquartier-tours.fr\/wp-content\/uploads\/2026\/03\/2026_RDV-AIDANTS-ST-AVERTIN-PRINT.pdf\" type=\"application\/pdf\" style=\"width:100%;height:600px\" aria-label=\"Contenu embarqu\u00e9 T\u00e9l\u00e9charger l&apos;affiche.\"><\/object><a id=\"wp-block-file--media-ab84a1d7-df96-44b5-bb52-1ae11f7e4c99\" href=\"https:\/\/www.douetsmilletiere.comitesquartier-tours.fr\/wp-content\/uploads\/2026\/03\/2026_RDV-AIDANTS-ST-AVERTIN-PRINT.pdf\">T\u00e9l\u00e9charger l&rsquo;affiche<\/a><a href=\"https:\/\/www.douetsmilletiere.comitesquartier-tours.fr\/wp-content\/uploads\/2026\/03\/2026_RDV-AIDANTS-ST-AVERTIN-PRINT.pdf\" class=\"wp-block-file__button wp-element-button\" download aria-describedby=\"wp-block-file--media-ab84a1d7-df96-44b5-bb52-1ae11f7e4c99\">T\u00e9l\u00e9charger<\/a><\/div>\n\n\n\n<p><\/p>\n","protected":false},"excerpt":{"rendered":"<p>Les rendez-vous sont propos\u00e9s un mardi par mois de 14h \u00e0 16h30 \u00e0 la salle des f\u00eates : 6 rue de Grandmont, 37550 Saint-Avertin. Ce sont des apr\u00e8s-midis d&rsquo;information et d&rsquo;\u00e9changes ouverts aux aidants accompagnant une personne de plus de 60 ans. Le programme des rendez-vous 2026 : Pour tout renseignement ou pour vous inscrire, &hellip; <\/p>\n<p><a class=\"more-link btn\" href=\"https:\/\/www.douetsmilletiere.comitesquartier-tours.fr\/?p=147618\">Lire la suite<\/a><\/p>\n","protected":false},"author":1,"featured_media":147620,"comment_status":"closed","ping_status":"closed","sticky":false,"template":"","format":"standard","meta":{"footnotes":""},"categories":[7,10],"tags":[],"class_list":["post-147618","post","type-post","status-publish","format-standard","has-post-thumbnail","hentry","category-actualite","category-panorama","item-wrap"],"_links":{"self":[{"href":"https:\/\/www.douetsmilletiere.comitesquartier-tours.fr\/index.php?rest_route=\/wp\/v2\/posts\/147618","targetHints":{"allow":["GET"]}}],"collection":[{"href":"https:\/\/www.douetsmilletiere.comitesquartier-tours.fr\/index.php?rest_route=\/wp\/v2\/posts"}],"about":[{"href":"https:\/\/www.douetsmilletiere.comitesquartier-tours.fr\/index.php?rest_route=\/wp\/v2\/types\/post"}],"author":[{"embeddable":true,"href":"https:\/\/www.douetsmilletiere.comitesquartier-tours.fr\/index.php?rest_route=\/wp\/v2\/users\/1"}],"replies":[{"embeddable":true,"href":"https:\/\/www.douetsmilletiere.comitesquartier-tours.fr\/index.php?rest_route=%2Fwp%2Fv2%2Fcomments&post=147618"}],"version-history":[{"count":2,"href":"https:\/\/www.douetsmilletiere.comitesquartier-tours.fr\/index.php?rest_route=\/wp\/v2\/posts\/147618\/revisions"}],"predecessor-version":[{"id":147623,"href":"https:\/\/www.douetsmilletiere.comitesquartier-tours.fr\/index.php?rest_route=\/wp\/v2\/posts\/147618\/revisions\/147623"}],"wp:featuredmedia":[{"embeddable":true,"href":"https:\/\/www.douetsmilletiere.comitesquartier-tours.fr\/index.php?rest_route=\/wp\/v2\/media\/147620"}],"wp:attachment":[{"href":"https:\/\/www.douetsmilletiere.comitesquartier-tours.fr\/index.php?rest_route=%2Fwp%2Fv2%2Fmedia&parent=147618"}],"wp:term":[{"taxonomy":"category","embeddable":true,"href":"https:\/\/www.douetsmilletiere.comitesquartier-tours.fr\/index.php?rest_route=%2Fwp%2Fv2%2Fcategories&post=147618"},{"taxonomy":"post_tag","embeddable":true,"href":"https:\/\/www.douetsmilletiere.comitesquartier-tours.fr\/index.php?rest_route=%2Fwp%2Fv2%2Ftags&post=147618"}],"curies":[{"name":"wp","href":"https:\/\/api.w.org\/{rel}","templated":true}]}}